{"id":8089,"date":"2026-01-27T18:27:00","date_gmt":"2026-01-27T17:27:00","guid":{"rendered":"https:\/\/www.woll-gefuehl.de\/blog\/?p=8089"},"modified":"2026-01-25T22:35:16","modified_gmt":"2026-01-25T21:35:16","slug":"eclectic-socks-so-einzigartig-wie-du","status":"publish","type":"post","link":"http:\/\/www.woll-gefuehl.de\/blog\/?p=8089","title":{"rendered":"Eclectic Socks \u2013 so einzigartig wie du"},"content":{"rendered":"\n<p>Die <strong>Eclectic Socks von Laines du Nord<\/strong> stehen f\u00fcr Kreativit\u00e4t ohne Regeln \u2728<br>Spannende Farbverl\u00e4ufe, moderne Muster und ein Look, der garantiert nicht von der Stange ist.<\/p>\n\n\n\n<p>\u2714\ufe0f selbstmusternd \u2013 jede Socke ein Unikat<br>\u2714\ufe0f weich &amp; angenehm zu tragen<br>\u2714\ufe0f strapazierf\u00e4hig f\u00fcr den Alltag<br>\u2714\ufe0f perfekt f\u00fcr kreative Strickprojekte<\/p>\n\n\n\n<figure class=\"wp-block-image size-full\"><a href=\"http:\/\/www.woll-gefuehl.de\/blog\/wp-content\/uploads\/2026\/01\/Eclectic-Socks.jpg\"><img loading=\"lazy\" decoding=\"async\" width=\"480\" height=\"640\" src=\"http:\/\/www.woll-gefuehl.de\/blog\/wp-content\/uploads\/2026\/01\/Eclectic-Socks.jpg\" alt=\"\" class=\"wp-image-8091\" srcset=\"http:\/\/www.woll-gefuehl.de\/blog\/wp-content\/uploads\/2026\/01\/Eclectic-Socks.jpg 480w, http:\/\/www.woll-gefuehl.de\/blog\/wp-content\/uploads\/2026\/01\/Eclectic-Socks-225x300.jpg 225w\" sizes=\"auto, (max-width: 480px) 100vw, 480px\" \/><\/a><\/figure>\n\n\n\n<p>Ideal f\u00fcr alle, die Lust auf <strong>au\u00dfergew\u00f6hnliche Socken<\/strong> und ein bisschen Farbe im Alltag haben<\/p>\n\n\n\n<figure class=\"wp-block-image size-full\"><a href=\"http:\/\/www.woll-gefuehl.de\/blog\/wp-content\/uploads\/2026\/01\/eclectic_sock_06_1.jpg\"><img loading=\"lazy\" decoding=\"async\" width=\"640\" height=\"480\" src=\"http:\/\/www.woll-gefuehl.de\/blog\/wp-content\/uploads\/2026\/01\/eclectic_sock_06_1.jpg\" alt=\"\" class=\"wp-image-8093\" srcset=\"http:\/\/www.woll-gefuehl.de\/blog\/wp-content\/uploads\/2026\/01\/eclectic_sock_06_1.jpg 640w, http:\/\/www.woll-gefuehl.de\/blog\/wp-content\/uploads\/2026\/01\/eclectic_sock_06_1-300x225.jpg 300w, http:\/\/www.woll-gefuehl.de\/blog\/wp-content\/uploads\/2026\/01\/eclectic_sock_06_1-400x300.jpg 400w\" sizes=\"auto, (max-width: 640px) 100vw, 640px\" \/><\/a><\/figure>\n\n\n\n<figure class=\"wp-block-image size-full\"><a href=\"http:\/\/www.woll-gefuehl.de\/blog\/wp-content\/uploads\/2026\/01\/electic_sock_04_1.jpg\"><img loading=\"lazy\" decoding=\"async\" width=\"640\" height=\"480\" src=\"http:\/\/www.woll-gefuehl.de\/blog\/wp-content\/uploads\/2026\/01\/electic_sock_04_1.jpg\" alt=\"\" class=\"wp-image-8092\" srcset=\"http:\/\/www.woll-gefuehl.de\/blog\/wp-content\/uploads\/2026\/01\/electic_sock_04_1.jpg 640w, http:\/\/www.woll-gefuehl.de\/blog\/wp-content\/uploads\/2026\/01\/electic_sock_04_1-300x225.jpg 300w, http:\/\/www.woll-gefuehl.de\/blog\/wp-content\/uploads\/2026\/01\/electic_sock_04_1-400x300.jpg 400w\" sizes=\"auto, (max-width: 640px) 100vw, 640px\" \/><\/a><\/figure>\n\n\n\n<p>Oder auch f\u00fcr Stulpen&#8230;<\/p>\n\n\n\n<p>Erh\u00e4ltlich bei <strong>Wollgef\u00fchl<\/strong><br>Schreib mir eine DM oder schau im Shop vorbei \ud83d\udecd\ufe0f<\/p>\n\n\n\n<p>#eclecticsocks #lainesdunord #sockenwolle #strickliebe #wolleliebe #sockenstricken #handmade #wollgef\u00fchl #strickenmachtgl\u00fccklich<\/p>\n","protected":false},"excerpt":{"rendered":"<p>Die Eclectic Socks von Laines du Nord stehen f\u00fcr Kreativit\u00e4t ohne Regeln \u2728Spannende Farbverl\u00e4ufe, moderne Muster und ein Look, der garantiert nicht von der Stange ist. \u2714\ufe0f selbstmusternd \u2013 jede Socke ein Unikat\u2714\ufe0f weich &amp; angenehm zu tragen\u2714\ufe0f strapazierf\u00e4hig f\u00fcr &hellip; <a href=\"http:\/\/www.woll-gefuehl.de\/blog\/?p=8089\">Weiterlesen <span class=\"meta-nav\">&rarr;<\/span><\/a><\/p>\n","protected":false},"author":1,"featured_media":0,"comment_status":"open","ping_status":"open","sticky":false,"template":"","format":"standard","meta":{"footnotes":""},"categories":[2,3,9,12,16],"tags":[],"class_list":["post-8089","post","type-post","status-publish","format-standard","hentry","category-aktuell","category-auf-den-nadeln","category-gestricktes","category-neu-im-shop","category-wolle"],"_links":{"self":[{"href":"http:\/\/www.woll-gefuehl.de\/blog\/index.php?rest_route=\/wp\/v2\/posts\/8089","targetHints":{"allow":["GET"]}}],"collection":[{"href":"http:\/\/www.woll-gefuehl.de\/blog\/index.php?rest_route=\/wp\/v2\/posts"}],"about":[{"href":"http:\/\/www.woll-gefuehl.de\/blog\/index.php?rest_route=\/wp\/v2\/types\/post"}],"author":[{"embeddable":true,"href":"http:\/\/www.woll-gefuehl.de\/blog\/index.php?rest_route=\/wp\/v2\/users\/1"}],"replies":[{"embeddable":true,"href":"http:\/\/www.woll-gefuehl.de\/blog\/index.php?rest_route=%2Fwp%2Fv2%2Fcomments&post=8089"}],"version-history":[{"count":1,"href":"http:\/\/www.woll-gefuehl.de\/blog\/index.php?rest_route=\/wp\/v2\/posts\/8089\/revisions"}],"predecessor-version":[{"id":8096,"href":"http:\/\/www.woll-gefuehl.de\/blog\/index.php?rest_route=\/wp\/v2\/posts\/8089\/revisions\/8096"}],"wp:attachment":[{"href":"http:\/\/www.woll-gefuehl.de\/blog\/index.php?rest_route=%2Fwp%2Fv2%2Fmedia&parent=8089"}],"wp:term":[{"taxonomy":"category","embeddable":true,"href":"http:\/\/www.woll-gefuehl.de\/blog\/index.php?rest_route=%2Fwp%2Fv2%2Fcategories&post=8089"},{"taxonomy":"post_tag","embeddable":true,"href":"http:\/\/www.woll-gefuehl.de\/blog\/index.php?rest_route=%2Fwp%2Fv2%2Ftags&post=8089"}],"curies":[{"name":"wp","href":"https:\/\/api.w.org\/{rel}","templated":true}]}}